{"id":43,"count":2,"description":"[html_block id=\"1514\"]\r\n\r\n<div class=\"kate-yazi\">\r\nTV \u00dcniteleri: Ev \u0130\u00e7i E\u011flenceyi Yeniden Tan\u0131mlay\u0131n\r\n\r\nEvde zaman ge\u00e7irmenin ve e\u011flenmenin merkezi olan televizyon \u00fcniteleri, ya\u015fam alan\u0131n\u0131z\u0131 d\u00fczenlemenin ve ki\u015fiselle\u015ftirmenin harika bir yoludur. TV \u00fcniteleri, TV'nizin yan\u0131 s\u0131ra ses ve g\u00f6r\u00fcnt\u00fc ekipmanlar\u0131n\u0131z\u0131 saklaman\u0131za ve d\u00fczenlemenize yard\u0131mc\u0131 olurken, ayn\u0131 zamanda odan\u0131za estetik bir dokunu\u015f katmaya da olanak tan\u0131r.\r\n\r\nTarz ve Fonksiyonellik Bir Arada\r\n\r\nModern, end\u00fcstriyel, klasik veya minimalist olsun, TV \u00fcniteleri her tarza ve zevke uygun \u00e7e\u015fitlilik sunar. Geni\u015f \u00e7ekmeceler, raf sistemleri ve a\u00e7\u0131l\u0131r kapaklar, depolama ihtiya\u00e7lar\u0131n\u0131za uygun \u00e7e\u015fitli se\u00e7enekler sunar. Ayr\u0131ca, TV \u00fcniteleri, kablolar\u0131 gizleyen ve d\u00fczenli tutan entegre organizasyon \u00f6zellikleriyle i\u015flevselli\u011fi art\u0131r\u0131r.\r\n\r\nEvinizin Merkezi Noktas\u0131\r\n\r\nTV \u00fcniteniz, oturma odan\u0131z\u0131n veya e\u011flence odan\u0131z\u0131n merkezi bir par\u00e7as\u0131 olabilir. Do\u011fru se\u00e7ildi\u011finde, TV \u00fcnitesi odaya odaklanman\u0131za ve ki\u015fili\u011finizi ifade etmenize yard\u0131mc\u0131 olur. Ah\u015fap dokunu\u015flar, metal detaylar veya modern parlak y\u00fczeyler gibi farkl\u0131 malzemeler ve dokular, tarz\u0131n\u0131z\u0131 yans\u0131tman\u0131n m\u00fckemmel bir yolunu sunar.\r\n\r\nEvde Sinema Keyfi\r\n\r\nTV \u00fcniteleri, evde sinema keyfini art\u0131rmak i\u00e7in m\u00fckemmel bir platform sunar. B\u00fcy\u00fck ekran televizyonlar, ses sistemleri ve oyun konsollar\u0131 i\u00e7in ideal bir yer sa\u011flayarak, aile ve arkada\u015flarla birlikte keyifli anlar ya\u015faman\u0131z\u0131 sa\u011flar.\r\n\r\nEvinizdeki TV \u00dcnitesini Ke\u015ffedin\r\n\r\nFarkl\u0131 boyutlarda, tarzlarda ve fiyat aral\u0131klar\u0131nda sunulan TV \u00fcniteleri koleksiyonumuzu ke\u015ffedin. Evdeki ya\u015fam alan\u0131n\u0131z\u0131 yeniden tasarlarken, fonksiyonellik, estetik ve dayan\u0131kl\u0131l\u0131\u011f\u0131 bir araya getiren TV \u00fcniteleri ile evinizi d\u00f6n\u00fc\u015ft\u00fcr\u00fcn.\r\n<\/div>","link":"https:\/\/vivaldimobilya.com.tr\/tr\/urun-kategori\/tv-uniteleri\/","name":"TV \u00dcniteleri","slug":"tv-uniteleri","taxonomy":"product_cat","parent":0,"meta":[],"yoast_head":"<!-- This site is optimized with the Yoast SEO plugin v26.2 - https:\/\/yoast.com\/wordpress\/plugins\/seo\/ -->\n<title>\u015e\u0131k ve Konforlu TV \u00dcniteleri - Vivaldi Mobilya<\/title>\n<meta name=\"description\" content=\"Konforlu ve \u015f\u0131k TV \u00dcniteleri ile ya\u015fam alan\u0131n\u0131za yeni bir dokunu\u015f yap\u0131n. \u00c7e\u015fitli tarzlar ve renklerle evinizi ki\u015fiselle\u015ftirin.\" \/>\n<meta name=\"robots\" content=\"index, follow, max-snippet:-1, max-image-preview:large, max-video-preview:-1\" \/>\n<link rel=\"canonical\" href=\"https:\/\/vivaldimobilya.com.tr\/tr\/urun-kategori\/tv-uniteleri\/\" \/>\n<meta property=\"og:locale\" content=\"tr_TR\" \/>\n<meta property=\"og:type\" content=\"article\" \/>\n<meta property=\"og:title\" content=\"\u015e\u0131k ve Konforlu TV \u00dcniteleri - Vivaldi Mobilya\" \/>\n<meta property=\"og:description\" content=\"Konforlu ve \u015f\u0131k TV \u00dcniteleri ile ya\u015fam alan\u0131n\u0131za yeni bir dokunu\u015f yap\u0131n. \u00c7e\u015fitli tarzlar ve renklerle evinizi ki\u015fiselle\u015ftirin.\" \/>\n<meta property=\"og:url\" content=\"https:\/\/vivaldimobilya.com.tr\/tr\/urun-kategori\/tv-uniteleri\/\" \/>\n<meta property=\"og:site_name\" content=\"Vivaldi Mobilya\" \/>\n<meta name=\"twitter:card\" content=\"summary_large_image\" \/>\n<script type=\"application\/ld+json\" class=\"yoast-schema-graph\">{\"@context\":\"https:\/\/schema.org\",\"@graph\":[{\"@type\":\"CollectionPage\",\"@id\":\"https:\/\/vivaldimobilya.com.tr\/tr\/urun-kategori\/tv-uniteleri\/\",\"url\":\"https:\/\/vivaldimobilya.com.tr\/tr\/urun-kategori\/tv-uniteleri\/\",\"name\":\"\u015e\u0131k ve Konforlu TV \u00dcniteleri - Vivaldi Mobilya\",\"isPartOf\":{\"@id\":\"https:\/\/vivaldimobilya.com.tr\/tr\/#website\"},\"description\":\"Konforlu ve \u015f\u0131k TV \u00dcniteleri ile ya\u015fam alan\u0131n\u0131za yeni bir dokunu\u015f yap\u0131n. \u00c7e\u015fitli tarzlar ve renklerle evinizi ki\u015fiselle\u015ftirin.\",\"breadcrumb\":{\"@id\":\"https:\/\/vivaldimobilya.com.tr\/tr\/urun-kategori\/tv-uniteleri\/#breadcrumb\"},\"inLanguage\":\"tr\"},{\"@type\":\"BreadcrumbList\",\"@id\":\"https:\/\/vivaldimobilya.com.tr\/tr\/urun-kategori\/tv-uniteleri\/#breadcrumb\",\"itemListElement\":[{\"@type\":\"ListItem\",\"position\":1,\"name\":\"Anasayfa\",\"item\":\"https:\/\/vivaldimobilya.com.tr\/tr\/\"},{\"@type\":\"ListItem\",\"position\":2,\"name\":\"TV \u00dcniteleri\"}]},{\"@type\":\"WebSite\",\"@id\":\"https:\/\/vivaldimobilya.com.tr\/tr\/#website\",\"url\":\"https:\/\/vivaldimobilya.com.tr\/tr\/\",\"name\":\"Vivaldi Mobilya\",\"description\":\"\",\"publisher\":{\"@id\":\"https:\/\/vivaldimobilya.com.tr\/tr\/#organization\"},\"potentialAction\":[{\"@type\":\"SearchAction\",\"target\":{\"@type\":\"EntryPoint\",\"urlTemplate\":\"https:\/\/vivaldimobilya.com.tr\/tr\/?s={search_term_string}\"},\"query-input\":{\"@type\":\"PropertyValueSpecification\",\"valueRequired\":true,\"valueName\":\"search_term_string\"}}],\"inLanguage\":\"tr\"},{\"@type\":\"Organization\",\"@id\":\"https:\/\/vivaldimobilya.com.tr\/tr\/#organization\",\"name\":\"Vivaldi Mobilya\",\"url\":\"https:\/\/vivaldimobilya.com.tr\/tr\/\",\"logo\":{\"@type\":\"ImageObject\",\"inLanguage\":\"tr\",\"@id\":\"https:\/\/vivaldimobilya.com.tr\/tr\/#\/schema\/logo\/image\/\",\"url\":\"https:\/\/vivaldimobilya.com.tr\/wp-content\/uploads\/2024\/01\/logo-1.png\",\"contentUrl\":\"https:\/\/vivaldimobilya.com.tr\/wp-content\/uploads\/2024\/01\/logo-1.png\",\"width\":1631,\"height\":1392,\"caption\":\"Vivaldi Mobilya\"},\"image\":{\"@id\":\"https:\/\/vivaldimobilya.com.tr\/tr\/#\/schema\/logo\/image\/\"},\"sameAs\":[\"https:\/\/www.facebook.com\/vivaldihomeconcept\/\",\"https:\/\/www.instagram.com\/vivaldi_furniture\/\",\"https:\/\/www.youtube.com\/@vivaldifurniture\"]}]}<\/script>\n<!-- \/ Yoast SEO plugin. -->","yoast_head_json":{"title":"\u015e\u0131k ve Konforlu TV \u00dcniteleri - Vivaldi Mobilya","description":"Konforlu ve \u015f\u0131k TV \u00dcniteleri ile ya\u015fam alan\u0131n\u0131za yeni bir dokunu\u015f yap\u0131n. \u00c7e\u015fitli tarzlar ve renklerle evinizi ki\u015fiselle\u015ftirin.","robots":{"index":"index","follow":"follow","max-snippet":"max-snippet:-1","max-image-preview":"max-image-preview:large","max-video-preview":"max-video-preview:-1"},"canonical":"https:\/\/vivaldimobilya.com.tr\/tr\/urun-kategori\/tv-uniteleri\/","og_locale":"tr_TR","og_type":"article","og_title":"\u015e\u0131k ve Konforlu TV \u00dcniteleri - Vivaldi Mobilya","og_description":"Konforlu ve \u015f\u0131k TV \u00dcniteleri ile ya\u015fam alan\u0131n\u0131za yeni bir dokunu\u015f yap\u0131n. \u00c7e\u015fitli tarzlar ve renklerle evinizi ki\u015fiselle\u015ftirin.","og_url":"https:\/\/vivaldimobilya.com.tr\/tr\/urun-kategori\/tv-uniteleri\/","og_site_name":"Vivaldi Mobilya","twitter_card":"summary_large_image","schema":{"@context":"https:\/\/schema.org","@graph":[{"@type":"CollectionPage","@id":"https:\/\/vivaldimobilya.com.tr\/tr\/urun-kategori\/tv-uniteleri\/","url":"https:\/\/vivaldimobilya.com.tr\/tr\/urun-kategori\/tv-uniteleri\/","name":"\u015e\u0131k ve Konforlu TV \u00dcniteleri - Vivaldi Mobilya","isPartOf":{"@id":"https:\/\/vivaldimobilya.com.tr\/tr\/#website"},"description":"Konforlu ve \u015f\u0131k TV \u00dcniteleri ile ya\u015fam alan\u0131n\u0131za yeni bir dokunu\u015f yap\u0131n. \u00c7e\u015fitli tarzlar ve renklerle evinizi ki\u015fiselle\u015ftirin.","breadcrumb":{"@id":"https:\/\/vivaldimobilya.com.tr\/tr\/urun-kategori\/tv-uniteleri\/#breadcrumb"},"inLanguage":"tr"},{"@type":"BreadcrumbList","@id":"https:\/\/vivaldimobilya.com.tr\/tr\/urun-kategori\/tv-uniteleri\/#breadcrumb","itemListElement":[{"@type":"ListItem","position":1,"name":"Anasayfa","item":"https:\/\/vivaldimobilya.com.tr\/tr\/"},{"@type":"ListItem","position":2,"name":"TV \u00dcniteleri"}]},{"@type":"WebSite","@id":"https:\/\/vivaldimobilya.com.tr\/tr\/#website","url":"https:\/\/vivaldimobilya.com.tr\/tr\/","name":"Vivaldi Mobilya","description":"","publisher":{"@id":"https:\/\/vivaldimobilya.com.tr\/tr\/#organization"},"potentialAction":[{"@type":"SearchAction","target":{"@type":"EntryPoint","urlTemplate":"https:\/\/vivaldimobilya.com.tr\/tr\/?s={search_term_string}"},"query-input":{"@type":"PropertyValueSpecification","valueRequired":true,"valueName":"search_term_string"}}],"inLanguage":"tr"},{"@type":"Organization","@id":"https:\/\/vivaldimobilya.com.tr\/tr\/#organization","name":"Vivaldi Mobilya","url":"https:\/\/vivaldimobilya.com.tr\/tr\/","logo":{"@type":"ImageObject","inLanguage":"tr","@id":"https:\/\/vivaldimobilya.com.tr\/tr\/#\/schema\/logo\/image\/","url":"https:\/\/vivaldimobilya.com.tr\/wp-content\/uploads\/2024\/01\/logo-1.png","contentUrl":"https:\/\/vivaldimobilya.com.tr\/wp-content\/uploads\/2024\/01\/logo-1.png","width":1631,"height":1392,"caption":"Vivaldi Mobilya"},"image":{"@id":"https:\/\/vivaldimobilya.com.tr\/tr\/#\/schema\/logo\/image\/"},"sameAs":["https:\/\/www.facebook.com\/vivaldihomeconcept\/","https:\/\/www.instagram.com\/vivaldi_furniture\/","https:\/\/www.youtube.com\/@vivaldifurniture"]}]}},"_links":{"self":[{"href":"https:\/\/vivaldimobilya.com.tr\/tr\/wp-json\/wp\/v2\/product_cat\/43","targetHints":{"allow":["GET"]}}],"collection":[{"href":"https:\/\/vivaldimobilya.com.tr\/tr\/wp-json\/wp\/v2\/product_cat"}],"about":[{"href":"https:\/\/vivaldimobilya.com.tr\/tr\/wp-json\/wp\/v2\/taxonomies\/product_cat"}],"wp:post_type":[{"href":"https:\/\/vivaldimobilya.com.tr\/tr\/wp-json\/wp\/v2\/product?product_cat=43"}],"curies":[{"name":"wp","href":"https:\/\/api.w.org\/{rel}","templated":true}]}}